{"id":1,"date":"2026-02-11T16:15:06","date_gmt":"2026-02-11T16:15:06","guid":{"rendered":"http:\/\/www.menuhin-stiftung.ch\/?p=1"},"modified":"2026-04-26T07:50:14","modified_gmt":"2026-04-26T07:50:14","slug":"hello-world","status":"publish","type":"post","link":"https:\/\/www.menuhin-stiftung.ch\/index.php\/2026\/02\/11\/hello-world\/","title":{"rendered":"Herzlich willkommen"},"content":{"rendered":"\r\n<section class=\"hero\">\r\n<h2>Musikalische F\u00f6rderung f\u00fcr Kinder und Jugendliche\u00a0<\/h2>\r\n<p>Engagement f\u00fcr kulturelle Bildung \u2013 inspiriert vom Verm\u00e4chtnis Yehudi Menuhins.<\/p>\r\n<\/section>\r\n<section class=\"content\">\r\n<h3>Willkommen!<\/h3>\r\n<p>Die Yehudi Menuhin Stiftung Grenchen setzt sich f\u00fcr musikalische F\u00f6rderung, kulturelle Bildung und inspirierende Projekte f\u00fcr junge Menschen ein.<\/p>\r\n<p>Hier entsteht eine moderne Plattform, die \u00fcber Aktivit\u00e4ten, Projekte, Veranstaltungen und F\u00f6rderm\u00f6glichkeiten der Stiftung informiert.<\/p>\r\n<\/section>\r\n<footer>\u00a9 2026 Yehudi Menuhin Stiftung Grenchen<\/footer>\r\n<p>Wir unterst\u00fctzen musikalische Nachwuchshoffnungen auf dem Weg zum Erfolg!<\/p>\r\n<p>Mit Ihrem Beitrag helfen Sie mit.\u00a0<\/p>\r\n<p><img loading=\"lazy\" decoding=\"async\" class=\"alignnone size-medium wp-image-59\" src=\"https:\/\/www.menuhin-stiftung.ch\/wp-content\/uploads\/2026\/02\/QR-Code2-194x300.jpg\" alt=\"\" width=\"194\" height=\"300\" srcset=\"https:\/\/www.menuhin-stiftung.ch\/wp-content\/uploads\/2026\/02\/QR-Code2-194x300.jpg 194w, https:\/\/www.menuhin-stiftung.ch\/wp-content\/uploads\/2026\/02\/QR-Code2.jpg 306w\" sizes=\"auto, (max-width: 194px) 100vw, 194px\" \/><\/p>\r\n","protected":false},"excerpt":{"rendered":"<p>Musikalische F\u00f6rderung f\u00fcr Kinder und Jugendliche\u00a0 Engagement f\u00fcr kulturelle Bildung \u2013 inspiriert vom Verm\u00e4chtnis Yehudi Menuhins. Willkommen! Die Yehudi Menuhin Stiftung Grenchen setzt sich f\u00fcr musikalische F\u00f6rderung, kulturelle Bildung und inspirierende Projekte f\u00fcr junge Menschen ein. Hier entsteht eine moderne Plattform, die \u00fcber Aktivit\u00e4ten, Projekte, Veranstaltungen und F\u00f6rderm\u00f6glichkeiten der Stiftung informiert. \u00a9 2026 Yehudi Menuhin [&hellip;]<\/p>\n","protected":false},"author":1,"featured_media":61,"comment_status":"closed","ping_status":"closed","sticky":false,"template":"","format":"standard","meta":{"footnotes":""},"categories":[6],"tags":[],"class_list":["post-1","post","type-post","status-publish","format-standard","has-post-thumbnail","hentry","category-news"],"_links":{"self":[{"href":"https:\/\/www.menuhin-stiftung.ch\/index.php\/wp-json\/wp\/v2\/posts\/1","targetHints":{"allow":["GET"]}}],"collection":[{"href":"https:\/\/www.menuhin-stiftung.ch\/index.php\/wp-json\/wp\/v2\/posts"}],"about":[{"href":"https:\/\/www.menuhin-stiftung.ch\/index.php\/wp-json\/wp\/v2\/types\/post"}],"author":[{"embeddable":true,"href":"https:\/\/www.menuhin-stiftung.ch\/index.php\/wp-json\/wp\/v2\/users\/1"}],"replies":[{"embeddable":true,"href":"https:\/\/www.menuhin-stiftung.ch\/index.php\/wp-json\/wp\/v2\/comments?post=1"}],"version-history":[{"count":7,"href":"https:\/\/www.menuhin-stiftung.ch\/index.php\/wp-json\/wp\/v2\/posts\/1\/revisions"}],"predecessor-version":[{"id":169,"href":"https:\/\/www.menuhin-stiftung.ch\/index.php\/wp-json\/wp\/v2\/posts\/1\/revisions\/169"}],"wp:featuredmedia":[{"embeddable":true,"href":"https:\/\/www.menuhin-stiftung.ch\/index.php\/wp-json\/wp\/v2\/media\/61"}],"wp:attachment":[{"href":"https:\/\/www.menuhin-stiftung.ch\/index.php\/wp-json\/wp\/v2\/media?parent=1"}],"wp:term":[{"taxonomy":"category","embeddable":true,"href":"https:\/\/www.menuhin-stiftung.ch\/index.php\/wp-json\/wp\/v2\/categories?post=1"},{"taxonomy":"post_tag","embeddable":true,"href":"https:\/\/www.menuhin-stiftung.ch\/index.php\/wp-json\/wp\/v2\/tags?post=1"}],"curies":[{"name":"wp","href":"https:\/\/api.w.org\/{rel}","templated":true}]}}